{"id":2355,"date":"2020-10-27T20:01:28","date_gmt":"2020-10-27T19:01:28","guid":{"rendered":"https:\/\/www.sg-griesingen.de\/?p=2355"},"modified":"2021-01-07T01:20:27","modified_gmt":"2021-01-07T00:20:27","slug":"aenderungen-corona-uebungsstunden-gruppe-2-und-3","status":"publish","type":"post","link":"https:\/\/www.sg-griesingen.de\/index.php\/aenderungen-corona-uebungsstunden-gruppe-2-und-3\/","title":{"rendered":"\u00c4nderungen Corona \u00dcbungsstunden Gruppe 2 und 3"},"content":{"rendered":"<p>Aus Gr\u00fcnden der aktuell steigenden Infektionszahlen gibt es folgende \u00c4nderungenin den<br \/>\nGymnastikstunden.<br \/>\nGymnastik Gruppe 2<br \/>\nbeginnt k\u00fcnftig um 18 Uhr<br \/>\nGymnastik Gruppe 3<br \/>\nwird auf 2 Gruppenaufgeteilt, die 1. Gruppe beginnt um 19.15 Uhr und die 2. Gruppe<br \/>\nbeginnt um 20.15 Uhr. Die Stunden sind auf 45 Minuten festgelegt. Die Gruppeneinteilung<br \/>\nerfolgt \u00fcber die WhatsApp-Gruppe.<br \/>\nWir bitten, mit Mund-Nasen-Schutz bis an den &#8222;\u00dcbungsplatz&#8220; zu gehen.<br \/>\nBei Fragen d\u00fcrft ihr euch gerne bei Andrea HilsenbeckoderSteffi Brunner melden.<\/p>\n","protected":false},"excerpt":{"rendered":"<p>Aus Gr\u00fcnden der aktuell steigenden Infektionszahlen gibt es folgende \u00c4nderungenin den Gymnastikstunden. Gymnastik Gruppe 2 beginnt k\u00fcnftig um 18 Uhr Gymnastik Gruppe 3 wird auf 2 Gruppenaufgeteilt, die 1. Gruppe beginnt um 19.15 Uhr und die 2. Gruppe beginnt um 20.15 Uhr. Die Stunden sind auf 45 Minuten festgelegt. Die Gruppeneinteilung erfolgt \u00fcber die WhatsApp-Gruppe. [&hellip;]<\/p>\n","protected":false},"author":1,"featured_media":2354,"comment_status":"open","ping_status":"open","sticky":false,"template":"","format":"standard","meta":{"_monsterinsights_skip_tracking":false,"_monsterinsights_sitenote_active":false,"_monsterinsights_sitenote_note":"","_monsterinsights_sitenote_category":0,"footnotes":""},"categories":[7],"tags":[],"class_list":["post-2355","post","type-post","status-publish","format-standard","has-post-thumbnail","hentry","category-gymnastik-tanz"],"_links":{"self":[{"href":"https:\/\/www.sg-griesingen.de\/index.php\/wp-json\/wp\/v2\/posts\/2355","targetHints":{"allow":["GET"]}}],"collection":[{"href":"https:\/\/www.sg-griesingen.de\/index.php\/wp-json\/wp\/v2\/posts"}],"about":[{"href":"https:\/\/www.sg-griesingen.de\/index.php\/wp-json\/wp\/v2\/types\/post"}],"author":[{"embeddable":true,"href":"https:\/\/www.sg-griesingen.de\/index.php\/wp-json\/wp\/v2\/users\/1"}],"replies":[{"embeddable":true,"href":"https:\/\/www.sg-griesingen.de\/index.php\/wp-json\/wp\/v2\/comments?post=2355"}],"version-history":[{"count":2,"href":"https:\/\/www.sg-griesingen.de\/index.php\/wp-json\/wp\/v2\/posts\/2355\/revisions"}],"predecessor-version":[{"id":2381,"href":"https:\/\/www.sg-griesingen.de\/index.php\/wp-json\/wp\/v2\/posts\/2355\/revisions\/2381"}],"wp:featuredmedia":[{"embeddable":true,"href":"https:\/\/www.sg-griesingen.de\/index.php\/wp-json\/wp\/v2\/media\/2354"}],"wp:attachment":[{"href":"https:\/\/www.sg-griesingen.de\/index.php\/wp-json\/wp\/v2\/media?parent=2355"}],"wp:term":[{"taxonomy":"category","embeddable":true,"href":"https:\/\/www.sg-griesingen.de\/index.php\/wp-json\/wp\/v2\/categories?post=2355"},{"taxonomy":"post_tag","embeddable":true,"href":"https:\/\/www.sg-griesingen.de\/index.php\/wp-json\/wp\/v2\/tags?post=2355"}],"curies":[{"name":"wp","href":"https:\/\/api.w.org\/{rel}","templated":true}]}}