{"id":5027,"date":"2025-12-10T20:16:18","date_gmt":"2025-12-10T19:16:18","guid":{"rendered":"https:\/\/www.sg-griesingen.de\/?p=5027"},"modified":"2025-12-10T20:21:55","modified_gmt":"2025-12-10T19:21:55","slug":"%f0%9f%9f%a2%e2%9a%aa%ef%b8%8ftag-des-kinderturnens%e2%9a%aa%ef%b8%8f%f0%9f%9f%a2","status":"publish","type":"post","link":"https:\/\/www.sg-griesingen.de\/index.php\/%f0%9f%9f%a2%e2%9a%aa%ef%b8%8ftag-des-kinderturnens%e2%9a%aa%ef%b8%8f%f0%9f%9f%a2\/","title":{"rendered":"\ud83d\udfe2\u26aa\ufe0fTag des Kinderturnens\u26aa\ufe0f\ud83d\udfe2"},"content":{"rendered":"<p>Der Tag des Kinderturnens ist eine bundesweite Aktion des Deutschen Turner-Bundes (DTB) und der Deutschen Turnjugend (DTJ) in Kooperation mit der Bewegungsinitiative kinder Joy of Moving. \ud83c\udfc3\ud83d\ude46\ud83c\udffc\u200d\u2642\ud83e\udd38\ud83c\udffb\u200d\u2640<\/p>\n<p>Ziel ist es, Kinder f\u00fcr Bewegung und das Kinderturnen zu begeistern.<br \/>\nAuch die SG Griesingen \u00f6ffnet dazu am Sonntag, 09.11.2025 von 14 bis 16.30 Uhr die T\u00fcren der Turnhalle in Griesingen.<br \/>\nWie im letzten Jahr gibt es auf der B\u00fchne Kaffee und Kuchen\u2615\ud83c\udf70<\/p>\n<p>Unter dem Motto \u201eTierische Turn-Weltreise\u201c k\u00f6nnen Kinder verschiedene Bewegungsstationen ausprobieren \u2013 inspiriert von Tieren aus aller Welt F\u00fcr ihre Teilnahme erhalten sie eine Urkunde und eine kleine \u00dcberraschung.<br \/>\nDer Tag soll zeigen, dass Kinderturnen die Grundlage f\u00fcr eine gesunde motorische Entwicklung bildet und den Spa\u00df an Bewegung f\u00f6rdert\ud83e\udd38\ud83c\udffd\u200d\u2642\ufe0f\ud83e\uddd8\ud83c\udffd\u200d\u2640\ufe0f\u26f9\ud83c\udffd\u200d\u2640\ufe0f<\/p>\n","protected":false},"excerpt":{"rendered":"<p>Der Tag des Kinderturnens ist eine bundesweite Aktion des Deutschen Turner-Bundes (DTB) und der Deutschen Turnjugend (DTJ) in Kooperation mit der Bewegungsinitiative kinder Joy of Moving. \ud83c\udfc3\ud83d\ude46\ud83c\udffc\u200d\u2642\ud83e\udd38\ud83c\udffb\u200d\u2640 Ziel ist es, Kinder f\u00fcr Bewegung und das Kinderturnen zu begeistern. Auch die SG Griesingen \u00f6ffnet dazu am Sonntag, 09.11.2025 von 14 bis 16.30 Uhr die T\u00fcren der [&hellip;]<\/p>\n","protected":false},"author":11,"featured_media":5032,"comment_status":"open","ping_status":"open","sticky":false,"template":"","format":"standard","meta":{"_monsterinsights_skip_tracking":false,"_monsterinsights_sitenote_active":false,"_monsterinsights_sitenote_note":"","_monsterinsights_sitenote_category":0,"footnotes":""},"categories":[1,6,10],"tags":[],"class_list":["post-5027","post","type-post","status-publish","format-standard","has-post-thumbnail","hentry","category-allgemein","category-der-verein","category-gesamtjugend"],"_links":{"self":[{"href":"https:\/\/www.sg-griesingen.de\/index.php\/wp-json\/wp\/v2\/posts\/5027","targetHints":{"allow":["GET"]}}],"collection":[{"href":"https:\/\/www.sg-griesingen.de\/index.php\/wp-json\/wp\/v2\/posts"}],"about":[{"href":"https:\/\/www.sg-griesingen.de\/index.php\/wp-json\/wp\/v2\/types\/post"}],"author":[{"embeddable":true,"href":"https:\/\/www.sg-griesingen.de\/index.php\/wp-json\/wp\/v2\/users\/11"}],"replies":[{"embeddable":true,"href":"https:\/\/www.sg-griesingen.de\/index.php\/wp-json\/wp\/v2\/comments?post=5027"}],"version-history":[{"count":2,"href":"https:\/\/www.sg-griesingen.de\/index.php\/wp-json\/wp\/v2\/posts\/5027\/revisions"}],"predecessor-version":[{"id":5030,"href":"https:\/\/www.sg-griesingen.de\/index.php\/wp-json\/wp\/v2\/posts\/5027\/revisions\/5030"}],"wp:featuredmedia":[{"embeddable":true,"href":"https:\/\/www.sg-griesingen.de\/index.php\/wp-json\/wp\/v2\/media\/5032"}],"wp:attachment":[{"href":"https:\/\/www.sg-griesingen.de\/index.php\/wp-json\/wp\/v2\/media?parent=5027"}],"wp:term":[{"taxonomy":"category","embeddable":true,"href":"https:\/\/www.sg-griesingen.de\/index.php\/wp-json\/wp\/v2\/categories?post=5027"},{"taxonomy":"post_tag","embeddable":true,"href":"https:\/\/www.sg-griesingen.de\/index.php\/wp-json\/wp\/v2\/tags?post=5027"}],"curies":[{"name":"wp","href":"https:\/\/api.w.org\/{rel}","templated":true}]}}