{"id":5033,"date":"2025-12-10T20:26:33","date_gmt":"2025-12-10T19:26:33","guid":{"rendered":"https:\/\/www.sg-griesingen.de\/?p=5033"},"modified":"2025-12-10T20:26:33","modified_gmt":"2025-12-10T19:26:33","slug":"%f0%9f%9f%a2%e2%9a%aa%ef%b8%8fdfb-fussballheldin%e2%9a%aa%ef%b8%8f%f0%9f%9f%a2","status":"publish","type":"post","link":"https:\/\/www.sg-griesingen.de\/index.php\/%f0%9f%9f%a2%e2%9a%aa%ef%b8%8fdfb-fussballheldin%e2%9a%aa%ef%b8%8f%f0%9f%9f%a2\/","title":{"rendered":"\ud83d\udfe2\u26aa\ufe0fDFB-Fu\u00dfballheldin\u26aa\ufe0f\ud83d\udfe2"},"content":{"rendered":"<p>\ud83c\udf1fWenn Engagement belohnt wird\ud83c\udf1f<br \/>\nNina Gl\u00f6cker, unsere 1. Vorsitzende im Bereich Finanzen, aktive \u26bd\ufe0fSpielerin und Trainerin der Juniorinnen wurde ja 2024 als \ud83c\udfc6DFB-Fu\u00dfballheldin \u201eAktion Junges Ehrenamt\u201c ausgezeichnet und durfte daf\u00fcr Ende Oktober an einer 5-t\u00e4gigen Bildungsreise des DFB nach Spanien mit Trainer-Input, Inspiration, Austausch und nat\u00fcrlich mit viel Spa\u00df teilnehmen\ud83c\uddea\ud83c\uddf8\u26bd\ufe0f\u2600\ufe0f<\/p>\n<p>Den Preis erhielte sie u.a. f\u00fcr ihre vorbildhafte Arbeit zum vereins\u00fcbergreifenden (Wieder-)Aufbau einer M\u00e4dchen-Fu\u00dfballjugend. Danke f\u00fcr dein unglaubliches Engagement f\u00fcr unseren Verein und insbesondere f\u00fcr den M\u00e4dchen-Fu\u00dfball in Kooperation mit SW Donau und dem SV Unterstadion.<\/p>\n<p>Wir als SGG sind einfach stolz solch eine tolle Pers\u00f6nlichkeit in unseren Reihen zu wissen, dein Einsatz ist ein wichtiger Baustein f\u00fcr die positive Entwicklung in Sport und Verein! \ud83d\udc9a\ud83e\udd0d<\/p>\n<p><img loading=\"lazy\" decoding=\"async\" class=\"alignnone  wp-image-5036\" src=\"https:\/\/www.sg-griesingen.de\/wp-content\/uploads\/2025\/12\/WhatsApp-Image-2025-11-16-at-20.36.26-240x300.jpeg\" alt=\"\" width=\"540\" height=\"675\" srcset=\"https:\/\/www.sg-griesingen.de\/wp-content\/uploads\/2025\/12\/WhatsApp-Image-2025-11-16-at-20.36.26-240x300.jpeg 240w, https:\/\/www.sg-griesingen.de\/wp-content\/uploads\/2025\/12\/WhatsApp-Image-2025-11-16-at-20.36.26-819x1024.jpeg 819w, https:\/\/www.sg-griesingen.de\/wp-content\/uploads\/2025\/12\/WhatsApp-Image-2025-11-16-at-20.36.26-768x960.jpeg 768w, https:\/\/www.sg-griesingen.de\/wp-content\/uploads\/2025\/12\/WhatsApp-Image-2025-11-16-at-20.36.26-1000x1250.jpeg 1000w, https:\/\/www.sg-griesingen.de\/wp-content\/uploads\/2025\/12\/WhatsApp-Image-2025-11-16-at-20.36.26-230x288.jpeg 230w, https:\/\/www.sg-griesingen.de\/wp-content\/uploads\/2025\/12\/WhatsApp-Image-2025-11-16-at-20.36.26-350x438.jpeg 350w, https:\/\/www.sg-griesingen.de\/wp-content\/uploads\/2025\/12\/WhatsApp-Image-2025-11-16-at-20.36.26-480x600.jpeg 480w, https:\/\/www.sg-griesingen.de\/wp-content\/uploads\/2025\/12\/WhatsApp-Image-2025-11-16-at-20.36.26.jpeg 1080w\" sizes=\"auto, (max-width: 540px) 100vw, 540px\" \/><\/p>\n","protected":false},"excerpt":{"rendered":"<p>\ud83c\udf1fWenn Engagement belohnt wird\ud83c\udf1f Nina Gl\u00f6cker, unsere 1. Vorsitzende im Bereich Finanzen, aktive \u26bd\ufe0fSpielerin und Trainerin der Juniorinnen wurde ja 2024 als \ud83c\udfc6DFB-Fu\u00dfballheldin \u201eAktion Junges Ehrenamt\u201c ausgezeichnet und durfte daf\u00fcr Ende Oktober an einer 5-t\u00e4gigen Bildungsreise des DFB nach Spanien mit Trainer-Input, Inspiration, Austausch und nat\u00fcrlich mit viel Spa\u00df teilnehmen\ud83c\uddea\ud83c\uddf8\u26bd\ufe0f\u2600\ufe0f Den Preis erhielte sie u.a. [&hellip;]<\/p>\n","protected":false},"author":11,"featured_media":5035,"comment_status":"open","ping_status":"open","sticky":false,"template":"","format":"standard","meta":{"_monsterinsights_skip_tracking":false,"_monsterinsights_sitenote_active":false,"_monsterinsights_sitenote_note":"","_monsterinsights_sitenote_category":0,"footnotes":""},"categories":[1,6],"tags":[],"class_list":["post-5033","post","type-post","status-publish","format-standard","has-post-thumbnail","hentry","category-allgemein","category-der-verein"],"_links":{"self":[{"href":"https:\/\/www.sg-griesingen.de\/index.php\/wp-json\/wp\/v2\/posts\/5033","targetHints":{"allow":["GET"]}}],"collection":[{"href":"https:\/\/www.sg-griesingen.de\/index.php\/wp-json\/wp\/v2\/posts"}],"about":[{"href":"https:\/\/www.sg-griesingen.de\/index.php\/wp-json\/wp\/v2\/types\/post"}],"author":[{"embeddable":true,"href":"https:\/\/www.sg-griesingen.de\/index.php\/wp-json\/wp\/v2\/users\/11"}],"replies":[{"embeddable":true,"href":"https:\/\/www.sg-griesingen.de\/index.php\/wp-json\/wp\/v2\/comments?post=5033"}],"version-history":[{"count":2,"href":"https:\/\/www.sg-griesingen.de\/index.php\/wp-json\/wp\/v2\/posts\/5033\/revisions"}],"predecessor-version":[{"id":5039,"href":"https:\/\/www.sg-griesingen.de\/index.php\/wp-json\/wp\/v2\/posts\/5033\/revisions\/5039"}],"wp:featuredmedia":[{"embeddable":true,"href":"https:\/\/www.sg-griesingen.de\/index.php\/wp-json\/wp\/v2\/media\/5035"}],"wp:attachment":[{"href":"https:\/\/www.sg-griesingen.de\/index.php\/wp-json\/wp\/v2\/media?parent=5033"}],"wp:term":[{"taxonomy":"category","embeddable":true,"href":"https:\/\/www.sg-griesingen.de\/index.php\/wp-json\/wp\/v2\/categories?post=5033"},{"taxonomy":"post_tag","embeddable":true,"href":"https:\/\/www.sg-griesingen.de\/index.php\/wp-json\/wp\/v2\/tags?post=5033"}],"curies":[{"name":"wp","href":"https:\/\/api.w.org\/{rel}","templated":true}]}}